{"id":330,"date":"2024-11-16T09:27:13","date_gmt":"2024-11-16T09:27:13","guid":{"rendered":"http:\/\/layersoftime.com\/?p=330"},"modified":"2024-11-16T09:37:52","modified_gmt":"2024-11-16T09:37:52","slug":"musee-de-la-deportation-2017","status":"publish","type":"post","link":"http:\/\/layersoftime.com\/?p=330","title":{"rendered":"Mus\u00e9e de la d\u00e9portation 2017"},"content":{"rendered":"<p>im Winter 2017 bin ich nach Luxemburg gereist um meinen Vater zu besuchen und bin dann zum ersten Mal im \u201cMus\u00e9e de la d\u00e9portation\u201d in der Gare Hollerich gewesen.<br \/>\nVon diesem Bahnhof aus wurden damals, 1942 bis 1943, die luxemburgischen Familien in Z\u00fcge gesetzt zur \u201cAbsiedlung\u201d nach Schlesien. Die Menschen, die morgens aus ihren Wohnungen geholt wurden, weg mussten aus ihrem zuhause, ihrer Heimat, w\u00e4hrend dem Krieg, wussten nicht wohin sie gebracht werden, hatten keine Idee was dort auf sie wartet, ob und wann sie jemals wieder nach Hause k\u00f6nnen.<\/p>\n<p>Im \u201cMus\u00e9e de la d\u00e9poration\u201d habe ich damals ein paar Unterlagen entdeckt auf denen die Namen meiner Grosseltern stehen. Das Gef\u00fchl was das bei mir ausl\u00f6ste ist schwer zu beschreiben.<br \/>\nWut. Ja, vor Allem eine unglaubliche Wut. Dazu die ganzen Nazi Plakate, die Propaganda .. ich fand es schwer auszuhalten.<br \/>\nUnd fragte mich: wie konnten Menschen trotz alldem leben, ihrer Arbeit nachgehen, sich k\u00fcmmern, einen Alltag haben, all das, ohne wahnsinnig zu werden, ohne aus Hoffnungslosigkeit zu erstarren \u2026 ? Wie geht das?<br \/>\nMit ausblenden, mit aktiv gegen halten, mit Hoffnung, mit einem Glauben an irgendetwas? Wie?<br \/>\nUnd die Frage ist keine alte Frage. Es ist eine Frage die sich immer wieder, zu jeder Zeit, irgendwo Menschen stellen und f\u00fcr sich beantworten m\u00fcssen.<br \/>\nUnd das m\u00fcssen wir auch.<br \/>\nJetzt.<\/p>\n<p>Ich fand es spannend zu merken wie diese Dokumente, das wirkliche Sehen von dem was damals wirklich passiert ist, mich so anders getroffen hat als das blosse theoretischen wissen.<br \/>\nIch kannte die Erz\u00e4hlungen meiner Grossmutter und die wenigen von meinem Vater, und doch war das Sehen, der pers\u00f6nliche Bezug, das was mich irgendwo tiefer bewegt hat.<br \/>\nUnd das macht mich nachdenklich \u00fcber die Art und Weise wie wir mit Erinnerung umgehen. Wie wir schreckliche Geschehnisse unserer Vergangenheit Menschen so zur Verf\u00fcgung stellen k\u00f6nne, dass sie sich damit irgendwo irgendwie mit in Verbindung f\u00fchlen. also, weder so krass abschrecken dass eine Art von Unglaube als Abwehr entsteht (so schlimm kann es ja nicht gewesen sein) oder eine Art von \u201cdas war fr\u00fcher und heute ist alles anders und mit mir hat das alles nichts zu tun\u201d Attit\u00fcde entsteht (aka Ignoranz) \u2026<br \/>\nWie kann ich eine Geschichte so erz\u00e4hlen, dass sich mein Gegen\u00fcber, oder mein virtuelles Gegen\u00fcber abgeholt f\u00fchlt, mitf\u00fchlen kann, und dann eventuell auch so was wie Empathie empfinden kann.<br \/>\nEine Geschichte so erz\u00e4hlen, dass mein Gegen\u00fcber einen Bezug zu seinem eigenen Leben sp\u00fcren kann \u2026<\/p>\n<p><img loading=\"lazy\" decoding=\"async\" class=\"alignleft wp-image-329 \" src=\"http:\/\/layersoftime.com\/wp-content\/uploads\/2024\/11\/DSC01304-1024x704.jpg\" alt=\"\" width=\"743\" height=\"511\" srcset=\"http:\/\/layersoftime.com\/wp-content\/uploads\/2024\/11\/DSC01304-1024x704.jpg 1024w, http:\/\/layersoftime.com\/wp-content\/uploads\/2024\/11\/DSC01304-400x275.jpg 400w, http:\/\/layersoftime.com\/wp-content\/uploads\/2024\/11\/DSC01304-768x528.jpg 768w, http:\/\/layersoftime.com\/wp-content\/uploads\/2024\/11\/DSC01304-1536x1057.jpg 1536w, http:\/\/layersoftime.com\/wp-content\/uploads\/2024\/11\/DSC01304-2048x1409.jpg 2048w\" sizes=\"(max-width: 743px) 100vw, 743px\" \/><\/p>\n<p><img loading=\"lazy\" decoding=\"async\" class=\"alignleft wp-image-328 size-large\" src=\"http:\/\/layersoftime.com\/wp-content\/uploads\/2024\/11\/DSC01303-683x1024.jpg\" alt=\"\" width=\"683\" height=\"1024\" srcset=\"http:\/\/layersoftime.com\/wp-content\/uploads\/2024\/11\/DSC01303-683x1024.jpg 683w, http:\/\/layersoftime.com\/wp-content\/uploads\/2024\/11\/DSC01303-267x400.jpg 267w, http:\/\/layersoftime.com\/wp-content\/uploads\/2024\/11\/DSC01303-768x1152.jpg 768w, http:\/\/layersoftime.com\/wp-content\/uploads\/2024\/11\/DSC01303-1024x1536.jpg 1024w, http:\/\/layersoftime.com\/wp-content\/uploads\/2024\/11\/DSC01303-1365x2048.jpg 1365w, http:\/\/layersoftime.com\/wp-content\/uploads\/2024\/11\/DSC01303-scaled.jpg 1707w\" sizes=\"(max-width: 683px) 100vw, 683px\" \/><img loading=\"lazy\" decoding=\"async\" class=\"alignleft wp-image-324 \" src=\"http:\/\/layersoftime.com\/wp-content\/uploads\/2024\/11\/DSC01274-683x1024.jpg\" alt=\"\" width=\"550\" height=\"825\" srcset=\"http:\/\/layersoftime.com\/wp-content\/uploads\/2024\/11\/DSC01274-683x1024.jpg 683w, http:\/\/layersoftime.com\/wp-content\/uploads\/2024\/11\/DSC01274-267x400.jpg 267w, http:\/\/layersoftime.com\/wp-content\/uploads\/2024\/11\/DSC01274-768x1152.jpg 768w, http:\/\/layersoftime.com\/wp-content\/uploads\/2024\/11\/DSC01274-1024x1536.jpg 1024w, http:\/\/layersoftime.com\/wp-content\/uploads\/2024\/11\/DSC01274-1365x2048.jpg 1365w, http:\/\/layersoftime.com\/wp-content\/uploads\/2024\/11\/DSC01274-scaled.jpg 1707w\" sizes=\"(max-width: 550px) 100vw, 550px\" \/><\/p>\n","protected":false},"excerpt":{"rendered":"<p>im Winter 2017 bin ich nach Luxemburg gereist um meinen Vater zu besuchen und bin dann zum ersten Mal im \u201cMus\u00e9e de la d\u00e9portation\u201d in der Gare Hollerich gewesen. Von diesem Bahnhof aus wurden damals, 1942 bis 1943, die luxemburgischen Familien in Z\u00fcge gesetzt zur \u201cAbsiedlung\u201d nach Schlesien. Die Menschen, die morgens aus ihren Wohnungen &hellip;<\/p>\n","protected":false},"author":1,"featured_media":0,"comment_status":"open","ping_status":"open","sticky":false,"template":"","format":"standard","meta":{"footnotes":""},"categories":[5,6],"tags":[],"class_list":["post-330","post","type-post","status-publish","format-standard","hentry","category-family","category-reflection"],"_links":{"self":[{"href":"http:\/\/layersoftime.com\/index.php?rest_route=\/wp\/v2\/posts\/330"}],"collection":[{"href":"http:\/\/layersoftime.com\/index.php?rest_route=\/wp\/v2\/posts"}],"about":[{"href":"http:\/\/layersoftime.com\/index.php?rest_route=\/wp\/v2\/types\/post"}],"author":[{"embeddable":true,"href":"http:\/\/layersoftime.com\/index.php?rest_route=\/wp\/v2\/users\/1"}],"replies":[{"embeddable":true,"href":"http:\/\/layersoftime.com\/index.php?rest_route=%2Fwp%2Fv2%2Fcomments&post=330"}],"version-history":[{"count":2,"href":"http:\/\/layersoftime.com\/index.php?rest_route=\/wp\/v2\/posts\/330\/revisions"}],"predecessor-version":[{"id":332,"href":"http:\/\/layersoftime.com\/index.php?rest_route=\/wp\/v2\/posts\/330\/revisions\/332"}],"wp:attachment":[{"href":"http:\/\/layersoftime.com\/index.php?rest_route=%2Fwp%2Fv2%2Fmedia&parent=330"}],"wp:term":[{"taxonomy":"category","embeddable":true,"href":"http:\/\/layersoftime.com\/index.php?rest_route=%2Fwp%2Fv2%2Fcategories&post=330"},{"taxonomy":"post_tag","embeddable":true,"href":"http:\/\/layersoftime.com\/index.php?rest_route=%2Fwp%2Fv2%2Ftags&post=330"}],"curies":[{"name":"wp","href":"https:\/\/api.w.org\/{rel}","templated":true}]}}